{"id":39176,"date":"2023-11-24T10:43:59","date_gmt":"2023-11-24T08:43:59","guid":{"rendered":"https:\/\/elvita.se\/artiklar\/trockenschraenke-wie-sie-im-herbstlichen-alltag-zu-helden-werden"},"modified":"2024-09-24T10:23:45","modified_gmt":"2024-09-24T08:23:45","slug":"trockenschraenke-wie-sie-im-herbstlichen-alltag-zu-helden-werden","status":"publish","type":"article","link":"https:\/\/elvita.de\/at\/artiklar\/trockenschraenke-wie-sie-im-herbstlichen-alltag-zu-helden-werden","title":{"rendered":"Trockenschr\u00e4nke \u2013 wie sie im herbstlichen Alltag zu Helden werden!"},"content":{"rendered":"<!-- just added extra space - class to this block in block-rendering part of content-page -->\n\n\n<figure class=\"wp-block-image size-large\"><img loading=\"lazy\" decoding=\"async\" width=\"1024\" height=\"400\" src=\"https:\/\/elvita.de\/app\/uploads\/2024\/09\/hostvader_torkskap1024x400.jpg\" alt=\"In Pf\u00fctzen spielen - ein Trockenschrank ist eine gute Idee.\" class=\"wp-image-2300\"\/><\/figure>\n\n\n\n<p><strong>Haben Sie dar\u00fcber nachgedacht, in einen Trockenschrank f\u00fcr Ihre Waschk\u00fcche oder Ihren Hauswirtschaftsraum zu investieren? Ein Trockenschrank kann eine kluge L\u00f6sung sein, um schnell gewaschene Kleidung und feuchte Oberbekleidung zu trocknen. Hier listen wir alles auf, wor\u00fcber Sie nachdenken sollten, wenn Sie einen Trockenschrank mit Kondensation, W\u00e4rmepumpe oder Abluft kaufen.<\/strong><\/p>\n\n\n\n<h2 class=\"wp-block-heading\">Wer braucht einen Trockenschrank?<\/h2>\n\n\n\n<p>Ein Trockenschrank im Hauswirtschaftsraum oder der Waschk\u00fcche ist perfekt, weil Sie dort nasse Jacken und Schuhe gleich aufh\u00e4ngen k\u00f6nnen. So trocknen Sie sie und m\u00fcssen nicht jedes Mal waschen. Super f\u00fcr Familien, die viel drau\u00dfen sind, und vor allem im Winter. Au\u00dferdem belastet das h\u00e4ufige Waschen die Umwelt unn\u00f6tig stark und ist zeitaufwendig. Und die Kleidung verschlei\u00dft schneller. Wer freut sich zudem nicht \u00fcber angew\u00e4rmte, trockene Handschuhe, wenn es raus geht zum Schneemann bauen oder wenn der Hund an einem verregneten Tag Gassi gehen soll?<\/p>\n\n\n\n<p>Aber nat\u00fcrlich k\u00f6nnen Sie einen Trockenschrank auch in die Waschk\u00fcche stellen und normale W\u00e4sche hineinh\u00e4ngen. Er schont die Kleidung und trocknet schnell solche St\u00fccke, die nicht in den W\u00e4schetrockner k\u00f6nnen. Au\u00dferdem brauchen Sie keine W\u00e4scheleine oder W\u00e4schest\u00e4nder. Ab in Ihren Trockenschrank, er k\u00fcmmert sich um den Rest.<\/p>\n\n\n\n<h2 class=\"wp-block-heading\">Vorteile von Kondensationstrocknern<\/h2>\n\n\n\n<ul class=\"wp-block-list\">\n<li>Sie k\u00f6nnen schmutzige Oberbekleidung und Schuhe schnell trocknen, ohne sie vorher waschen zu m\u00fcssen. Das spart sowohl Zeit als auch Geld.<\/li>\n\n\n\n<li>Trockenschr\u00e4nke nutzen Ihre Kleidung nicht so stark ab wie ein W\u00e4schetrockner, so dass Ihre Kleidungsst\u00fccke l\u00e4nger halten.<\/li>\n\n\n\n<li>Sie erhalten einen bequemen Platz zum Aufh\u00e4ngen von Kleidungsst\u00fccken, die selbst\u00e4ndig trocknen k\u00f6nnen, und m\u00fcssen keine Trockenst\u00e4nder im Freien aufstellen.<\/li>\n\n\n\n<li>Nicht alle Trockenschr\u00e4nke sind Umweltschurken, wie sie fr\u00fcher einmal waren. Wenn Sie sich f\u00fcr einen Trockenschrank mit einer W\u00e4rmepumpe entscheiden, erhalten Sie einen energiesparenderen Trockenschrank als solche mit Abluft.<\/li>\n<\/ul>\n\n\n<div class=\"c-blockCTAButton\">\n  <\/div>\n\n\n\n<h2 class=\"wp-block-heading\">Trockenschrank: Kondens, W\u00e4rmepumpe oder Abluft?<\/h2>\n\n\n\n<p>Wie funktioniert eigentlich ein Trockenschrank? Fr\u00fcher wurde der Trockenschrank mit warmer Luft gef\u00fcllt, um die Kleidung zu trocknen, und die Luft wurde anschlie\u00dfend als Abluft \u00fcber ein Ventil nach drau\u00dfen gepumpt. Man nutzte die Luft also nicht so energieeffizient wie bei einem W\u00e4schetrockner. Inzwischen gibt es aber mehr Wahlm\u00f6glichkeiten und viele neue Trockenschr\u00e4nke halten die warme Luft im Schrank und lassen sie zirkulieren. Besser f\u00fcr Umwelt und Portemonnaie!<\/p>\n\n\n\n<h2 class=\"wp-block-heading\">\u00dcbliche Arten von Trockenschr\u00e4nken:<\/h2>\n\n\n\n<h3 class=\"wp-block-heading\">Trockenschr\u00e4nke mit Kondensation<\/h3>\n\n\n\n<p>Statt den Trockenschrank an ein Ventil anzuschlie\u00dfen, das die warme Luft nach au\u00dfen leitet, gibt es solche mit Kondens. Die Luft zirkuliert im Schrank und das Wasser aus der W\u00e4sche wird in einem Beh\u00e4lter aufgefangen. Diesen Beh\u00e4lter k\u00f6nnen Sie dann manuell leeren oder ihn an den Abfluss anschlie\u00dfen. Denken Sie also daran, wo Ihr Trockenschrank stehen soll, wenn Sie einen Abfluss in der N\u00e4he haben m\u00f6chten.<\/p>\n\n\n\n<h3 class=\"wp-block-heading\">Trockenschr\u00e4nke mit W\u00e4rmepumpe<\/h3>\n\n\n\n<p>Viele Trockenschr\u00e4nke mit Kondens haben zus\u00e4tzlich eine W\u00e4rmepumpe, die die Luftzirkulation darin unterst\u00fctzt. Dank dieser W\u00e4rmepumpentechnologie verbraucht der Schrank halb so viel Energie wie ein normaler Trockenschrank. Au\u00dferdem k\u00f6nnen Sie ihn aufgrund der W\u00e4rmepumpe \u00fcberall aufstellen, weil er nicht an einen Abluftkanal angeschlossen werden muss.<\/p>\n\n\n\n<h3 class=\"wp-block-heading\">Trockenschr\u00e4nke mit Abluft<\/h3>\n\n\n\n<p>Der klassische Trockenschrank wird an einen Abfluss angeschlossen, der durch ein Loch in der Wand aus dem Haus f\u00fchrt. Sie m\u00fcssen also Ihren Trockenschrank da aufstellen, wo Sie ihn \u00fcber den L\u00fcftungsschlauch an den Abluftkanal anschlie\u00dfen k\u00f6nnen. Bei vorhandener L\u00fcftungs\u00f6ffnung k\u00f6nnen Sie ihn einfach anschlie\u00dfen.<\/p>\n\n\n\n<h3 class=\"wp-block-heading\">Trockenschr\u00e4nke mit Sensor<\/h3>\n\n\n\n<p>Einige Trockenschr\u00e4nke haben einen eingebauten Sensor, der erkennt, wenn die W\u00e4sche darin trocken ist. So wird der Schrank nicht mehr als n\u00f6tig benutzt, was Energie spart.<\/p>\n\n\n\n<h2 class=\"wp-block-heading\">Wie viel Energie verbraucht ein Trockenschrank?<\/h2>\n\n\n\n<p>Das h\u00e4ngt davon ab, welche Art und welche W\u00e4rme Sie nutzen. Ein normales Programm in einem der Trockenschr\u00e4nke von Elvita mit W\u00e4rmepumpe dauert 90 Minuten und verbraucht 0,3 kWh pro Kilo W\u00e4sche. Bei einem normalen Trockenschrank mit Sensor m\u00fcssen Sie ungef\u00e4hr mit dem Doppelten rechnen.\n\n<\/p>\n\n\n\n<p>Ein Trockenschrank fasst normalerweise eine Ladung W\u00e4sche von etwa 4 Kilo.<\/p>\n\n\n\n<h2 class=\"wp-block-heading\">Trockenschrank oder W\u00e4schetrockner?<\/h2>\n\n\n\n<p>Bei der Einrichtung der Waschk\u00fcche sollte man seinen Bedarf ermitteln \u2013 waschen wir h\u00e4ufig und brauchen schnell trockene Kleidung f\u00fcr die Kinder oder haben wir empfindliche Kleidungsst\u00fccke, die nicht in den W\u00e4schetrockner k\u00f6nnen? Dabei sollte man auch \u00fcberlegen, wie lange man Kleidung haben m\u00f6chte, da der W\u00e4schetrockner Fasern daraus l\u00f6st (diese bleiben dann im Flusensieb h\u00e4ngen). Das ist im Trockenschrank nicht der Fall, aber daf\u00fcr wird die W\u00e4sche im W\u00e4schetrockner weicher.<\/p>\n\n\n\n<p>Wenn Sie eine gro\u00dfe Familie haben, die den Flur schnell mit nassen Jacken und Schuhen f\u00fcllt, kann ein Trockenschrank eine gute Investition sein. Er trocknet Jacken, Matschhosen, Handschuhe und Schuhe schnell \u2013 und sie m\u00fcssen nicht einmal sauber sein. So h\u00e4lt die Kleidung l\u00e4nger und man sieht die matschigen Sachen nicht!<\/p>\n\n\n\n<h2 class=\"wp-block-heading\">5 Dinge, die Sie beim Kauf eines Trockenschrankes beachten sollten:<\/h2>\n\n\n\n<div class=\"schema-how-to wp-block-yoast-how-to-block\">\n<ol class=\"schema-how-to-steps\">\n \t<li id=\"how-to-step-1669294929344\" class=\"schema-how-to-step\"><strong class=\"schema-how-to-step-name\"><strong>Zeitschaltuhr<\/strong><\/strong>\n<p class=\"schema-how-to-step-text\">Viele Schr\u00e4nke sind mit einer Zeitschaltuhr oder einem Zeitprogramm ausgestattet, bei dem Sie einstellen k\u00f6nnen, wie lange der Schrank laufen soll. Es ist auch m\u00f6glich, den Trockenschrank zu benutzen, ohne ihn einzuschalten. Sie k\u00f6nnen die W\u00e4sche aufh\u00e4ngen und \u00fcber Nacht trocknen lassen, wenn Sie diese Option w\u00fcnschen &#8211; lassen Sie einfach die T\u00fcr offen!<\/p>\n<\/li>\n \t<li id=\"how-to-step-1669294941345\" class=\"schema-how-to-step\"><strong class=\"schema-how-to-step-name\"><strong>Sicherheit<\/strong><\/strong>\n<p class=\"schema-how-to-step-text\">Die meisten Trockenschr\u00e4nke m\u00fcssen an der Wand befestigt werden, teils aus Sicherheitsgr\u00fcnden, teils aus Gr\u00fcnden der Effizienz. Trockenschr\u00e4nke sind oben oft schwerer und k\u00f6nnen umkippen, wenn sie nicht befestigt sind. Aus Gr\u00fcnden der Kindersicherheit sollten sie daher fest an der Wand befestigt werden. Wenn sie jedoch schr\u00e4g stehen, besteht auch die Gefahr, dass die T\u00fcr nicht richtig schlie\u00dft, Luft verloren geht und die Trocknungszeit l\u00e4nger als n\u00f6tig ist.<\/p>\n<\/li>\n \t<li id=\"how-to-step-1669294951210\" class=\"schema-how-to-step\"><strong class=\"schema-how-to-step-name\"><strong>Energiekennzeichnung<\/strong><\/strong>\n<p class=\"schema-how-to-step-text\">Trockenschr\u00e4nke haben keine Energiekennzeichnung wie viele andere Haushaltsger\u00e4te. Erkundigen Sie sich daher immer bei Ihrem Lieferanten, wenn Sie sich f\u00fcr Energiefragen interessieren.<\/p>\n<\/li>\n \t<li id=\"how-to-step-1669294971592\" class=\"schema-how-to-step\"><strong class=\"schema-how-to-step-name\"><strong>W\u00e4rme<\/strong><\/strong>\n<p class=\"schema-how-to-step-text\">Sie k\u00f6nnen die Kleidung bei verschiedenen Temperaturen trocknen. Wenn Sie beispielsweise empfindliche Kleidungsst\u00fccke haben, k\u00f6nnen Sie eine niedrigere Temperatur w\u00e4hlen, und wenn Sie Handt\u00fccher und Oberbekleidung haben, die mehr Hitze vertragen, k\u00f6nnen Sie eine h\u00f6here Temperatur einstellen. Bei geringerer Hitze verl\u00e4ngert sich die Trockenzeit. Die normale Trockenhitze liegt zwischen 55 und 70 Grad.<\/p>\n<\/li>\n \t<li id=\"how-to-step-1669294981250\" class=\"schema-how-to-step\"><strong class=\"schema-how-to-step-name\"><strong>L\u00e4nge der Aufh\u00e4ngung<\/strong><\/strong>\n<p class=\"schema-how-to-step-text\">Bei einigen Trockenschr\u00e4nken wird eine Aufh\u00e4ngel\u00e4nge angegeben, die sich auf die Gesamtl\u00e4nge der Kleiderb\u00fcgel im Schrank bezieht. Ein gro\u00dfer Schrank hat normalerweise eine Aufh\u00e4ngel\u00e4nge von etwa 16 Metern. Denken Sie daran, die Kleidungsst\u00fccke effektiv in den Schrank zu h\u00e4ngen. Verwenden Sie zum Beispiel die Haken an der Innenseite der Schrankt\u00fcr f\u00fcr Handschuhe und h\u00e4ngen Sie gr\u00f6\u00dfere Kleidungsst\u00fccke wie Hosen und Jacken auf die B\u00fcgel.<\/p>\n<\/li>\n<\/ol>\n<\/div>\n\n\n\n<h2 class=\"wp-block-heading\">H\u00e4ufig gestellte Fragen zu Trockenschr\u00e4nken<\/h2>\n\n\n\n<div class=\"schema-faq wp-block-yoast-faq-block\"><div class=\"schema-faq-section\" id=\"faq-question-1669295530373\"><strong class=\"schema-faq-question\"><strong>Kann man alles in einem Trockenschrank trocknen?<\/strong><\/strong> <p class=\"schema-faq-answer\">Das Trocknen von Kleidungsst\u00fccken in einem Trockenschrank dauert etwas l\u00e4nger als in einem W\u00e4schetrockner, daher ist ein Trockenschrank am besten f\u00fcr nicht frisch gewaschene Kleidung geeignet. Nasse Oberbekleidung k\u00f6nnen Sie problemlos in den Schrank h\u00e4ngen &#8211; frisch gewaschene Kleidung braucht dagegen etwas l\u00e4nger zum Trocknen. Der Vorteil ist jedoch, dass die Kleidungsst\u00fccke im Trockenschrank viel schonender trocknen als im W\u00e4schetrockner, so dass er der perfekte Ort zum Trocknen empfindlicher Kleidung ist.<\/p> <\/div> <div class=\"schema-faq-section\" id=\"faq-question-1669295815753\"><strong class=\"schema-faq-question\"><strong>Brauchen Sie eine Bel\u00fcftung f\u00fcr Trockenschr\u00e4nke?<\/strong><\/strong> <p class=\"schema-faq-answer\">Trockenschr\u00e4nke mit Abluft m\u00fcssen mit einem L\u00fcftungskanal verbunden werden. Wenn Sie Ihren Trockenschrank kaufen, wird er mit einem L\u00fcftungskanal geliefert, der so installiert ist, dass die hei\u00dfe Luft aus dem Schrank abgef\u00fchrt werden kann. Es gibt Trockenschr\u00e4nke, die keine Bel\u00fcftung ben\u00f6tigen, wie Kondensations- oder W\u00e4rmepumpen-Trockenschr\u00e4nke. <br\/><br\/>Kondensationstrockenschr\u00e4nke sind eine intelligente L\u00f6sung, weil das Wasser aus der W\u00e4sche in einem Kondensationsbeh\u00e4lter gesammelt wird. Der Beh\u00e4lter kann manuell entleert werden; Sie k\u00f6nnen sich auch daf\u00fcr entscheiden, den Schrank an den Abfluss anzuschlie\u00dfen, um die Handhabung des Wassers zu erleichtern.<\/p> <\/div> <div class=\"schema-faq-section\" id=\"faq-question-1669296004838\"><strong class=\"schema-faq-question\"><strong>Sind Trockenschr\u00e4nke sinnvoll?<\/strong><\/strong> <p class=\"schema-faq-answer\">Trockenschr\u00e4nke sind die perfekte Wahl f\u00fcr alle, die viel Zeit im Freien verbringen, besonders im Herbst und Winter. Oberbekleidung und Schuhe, die im Freien nass geworden sind, k\u00f6nnen im Trockenschrank zum schonenden Trocknen aufgeh\u00e4ngt werden und sind danach wieder einsatzbereit!<\/p> <\/div> <div class=\"schema-faq-section\" id=\"faq-question-1669296299029\"><strong class=\"schema-faq-question\"><strong>Was sollte nicht in einem Trockenschrank getrocknet werden?<\/strong><\/strong> <p class=\"schema-faq-answer\">Die meisten Dinge k\u00f6nnen in einem Trockenschrank getrocknet werden. Er eignet sich besonders gut zum Trocknen von nasser Oberbekleidung und Kleidungsst\u00fccken, die nicht im W\u00e4schetrockner getrocknet werden k\u00f6nnen. Auch normale W\u00e4sche kann in einem Trockenschrank aufgeh\u00e4ngt werden, obwohl das Trocknen im Vergleich zu einem W\u00e4schetrockner etwas l\u00e4nger dauern kann. Der Vorteil eines Trockenschranks ist, dass er die W\u00e4sche nicht so stark abnutzt wie ein W\u00e4schetrockner.<\/p> <\/div> <div class=\"schema-faq-section\" id=\"faq-question-1669296691307\"><strong class=\"schema-faq-question\"><strong>Was ist beim Kauf eines Trockenschranks zu beachten?<\/strong><\/strong> <p class=\"schema-faq-answer\">Viele Trockenschr\u00e4nke m\u00fcssen an der Wand montiert werden &#8211; aus Sicherheitsgr\u00fcnden ist es wichtig, dass dies korrekt geschieht. Die Montage wirkt sich auch auf die Effizienz des Trockenschranks aus, was ein weiterer Grund ist, warum es wichtig ist, dass sie korrekt ausgef\u00fchrt wird. Wenn die T\u00fcr nicht richtig geschlossen werden kann, dauert es viel l\u00e4nger, bis die Kleidungsst\u00fccke trocken sind.<\/p> <\/div> <\/div>\n\n\n\n<h3 class=\"wp-block-heading\"> Verwandte Lekt\u00fcre<\/h3>\n\n\n\n<p><a href=\"https:\/\/elvita.de\/artikel\/nachhaltige-und-clevere-tipps-fuer-deinen-geschirrspueler\">Nachhaltige und clevere Tipps f\u00fcr deinen Trockenschrank<\/a><\/p>\n\n\n<div class=\"c-related-products\">\n  <h3>\u00c4hnliche Produkte<\/h3>\n      <ul class=\"row realtedSliderWrapper\">\n              \n                      \n                            <li class=\"product col-sm-12 col-md-6 col-lg-3 slide\">\n            <a href=\"https:\/\/elvita.de\/at\/produkte\/elvita-trockenschrank-mit-tueranschlag-rechts-und-sensordisplay-cts3195v\" alt=\"Elvita Trockenschrank mit T\u00fcranschlag rechts und Sensordisplay CTS3195V\">\n              <div class=\"product-image-wrapper \">\n                \n                \n                \n                \n                <img loading=\"lazy\" decoding=\"async\" width=\"376\" height=\"1024\" src=\"https:\/\/elvita.se\/app\/uploads\/2021\/11\/116920_CTS3195V_frilagd-376x1024.jpg\" class=\"product-image\" alt=\"\" srcset=\"https:\/\/elvita.se\/app\/uploads\/2021\/11\/116920_CTS3195V_frilagd-376x1024.jpg 376w, https:\/\/elvita.se\/app\/uploads\/2021\/11\/116920_CTS3195V_frilagd-110x300.jpg 110w, https:\/\/elvita.se\/app\/uploads\/2021\/11\/116920_CTS3195V_frilagd-768x2092.jpg 768w, https:\/\/elvita.se\/app\/uploads\/2021\/11\/116920_CTS3195V_frilagd-564x1536.jpg 564w, https:\/\/elvita.se\/app\/uploads\/2021\/11\/116920_CTS3195V_frilagd-752x2048.jpg 752w, https:\/\/elvita.se\/app\/uploads\/2021\/11\/116920_CTS3195V_frilagd-9x24.jpg 9w, https:\/\/elvita.se\/app\/uploads\/2021\/11\/116920_CTS3195V_frilagd-13x36.jpg 13w, https:\/\/elvita.se\/app\/uploads\/2021\/11\/116920_CTS3195V_frilagd-18x48.jpg 18w, https:\/\/elvita.se\/app\/uploads\/2021\/11\/116920_CTS3195V_frilagd-scaled.jpg 940w\" sizes=\"auto, (max-width: 376px) 100vw, 376px\" \/>\n              <\/div>\n              <h4>Elvita Trockenschrank mit T\u00fcranschlag rechts und Sensordisplay CTS3195V<\/h4>\n            <\/a>\n          <\/li>\n                                \n                            <li class=\"product col-sm-12 col-md-6 col-lg-3 slide\">\n            <a href=\"https:\/\/elvita.de\/at\/produkte\/elvita-trockenschrank-mit-tueranschlag-rechts-und-drehschaltern-cts1195v\" alt=\"Elvita Trockenschrank mit T\u00fcranschlag rechts und Drehschaltern CTS1195V\">\n              <div class=\"product-image-wrapper \">\n                \n                \n                \n                \n                <img loading=\"lazy\" decoding=\"async\" width=\"376\" height=\"1024\" src=\"https:\/\/elvita.se\/app\/uploads\/2021\/10\/116918_01-376x1024.png\" class=\"product-image\" alt=\"\" srcset=\"https:\/\/elvita.se\/app\/uploads\/2021\/10\/116918_01-376x1024.png 376w, https:\/\/elvita.se\/app\/uploads\/2021\/10\/116918_01-110x300.png 110w, https:\/\/elvita.se\/app\/uploads\/2021\/10\/116918_01-768x2092.png 768w, https:\/\/elvita.se\/app\/uploads\/2021\/10\/116918_01-564x1536.png 564w, https:\/\/elvita.se\/app\/uploads\/2021\/10\/116918_01-752x2048.png 752w, https:\/\/elvita.se\/app\/uploads\/2021\/10\/116918_01-9x24.png 9w, https:\/\/elvita.se\/app\/uploads\/2021\/10\/116918_01-13x36.png 13w, https:\/\/elvita.se\/app\/uploads\/2021\/10\/116918_01-18x48.png 18w, https:\/\/elvita.se\/app\/uploads\/2021\/10\/116918_01.png 1475w\" sizes=\"auto, (max-width: 376px) 100vw, 376px\" \/>\n              <\/div>\n              <h4>Elvita Trockenschrank mit T\u00fcranschlag rechts und Drehschaltern CTS1195V<\/h4>\n            <\/a>\n          <\/li>\n                                \n                      \n                      \n                            <li class=\"product col-sm-12 col-md-6 col-lg-3 slide\">\n            <a href=\"https:\/\/elvita.de\/at\/produkte\/elvita-trockenschrank-mit-tueranschlag-links-und-sensordisplay-cts3195v\" alt=\"Elvita Trockenschrank mit T\u00fcranschlag links und Sensordisplay CTS3195V\">\n              <div class=\"product-image-wrapper \">\n                \n                \n                \n                \n                <img loading=\"lazy\" decoding=\"async\" width=\"376\" height=\"1024\" src=\"https:\/\/elvita.se\/app\/uploads\/2021\/11\/116920_CTS3195V_frilagd-1-376x1024.jpg\" class=\"product-image\" alt=\"\" srcset=\"https:\/\/elvita.se\/app\/uploads\/2021\/11\/116920_CTS3195V_frilagd-1-376x1024.jpg 376w, https:\/\/elvita.se\/app\/uploads\/2021\/11\/116920_CTS3195V_frilagd-1-110x300.jpg 110w, https:\/\/elvita.se\/app\/uploads\/2021\/11\/116920_CTS3195V_frilagd-1-768x2092.jpg 768w, https:\/\/elvita.se\/app\/uploads\/2021\/11\/116920_CTS3195V_frilagd-1-564x1536.jpg 564w, https:\/\/elvita.se\/app\/uploads\/2021\/11\/116920_CTS3195V_frilagd-1-752x2048.jpg 752w, https:\/\/elvita.se\/app\/uploads\/2021\/11\/116920_CTS3195V_frilagd-1-9x24.jpg 9w, https:\/\/elvita.se\/app\/uploads\/2021\/11\/116920_CTS3195V_frilagd-1-13x36.jpg 13w, https:\/\/elvita.se\/app\/uploads\/2021\/11\/116920_CTS3195V_frilagd-1-18x48.jpg 18w, https:\/\/elvita.se\/app\/uploads\/2021\/11\/116920_CTS3195V_frilagd-1-scaled.jpg 940w\" sizes=\"auto, (max-width: 376px) 100vw, 376px\" \/>\n              <\/div>\n              <h4>Elvita Trockenschrank mit T\u00fcranschlag links und Sensordisplay CTS3195V<\/h4>\n            <\/a>\n          <\/li>\n                                \n                            <li class=\"product col-sm-12 col-md-6 col-lg-3 slide\">\n            <a href=\"https:\/\/elvita.de\/at\/produkte\/elvita-trockenschrank-mit-tueranschlag-links-und-drehschaltern-cts1195v\" alt=\"Elvita Trockenschrank mit T\u00fcranschlag links und Drehschaltern CTS1195V\">\n              <div class=\"product-image-wrapper \">\n                \n                \n                \n                \n                <img loading=\"lazy\" decoding=\"async\" width=\"376\" height=\"1024\" src=\"https:\/\/elvita.se\/app\/uploads\/2021\/11\/116918_CTS1195V_frilagd-376x1024.jpg\" class=\"product-image\" alt=\"\" srcset=\"https:\/\/elvita.se\/app\/uploads\/2021\/11\/116918_CTS1195V_frilagd-376x1024.jpg 376w, https:\/\/elvita.se\/app\/uploads\/2021\/11\/116918_CTS1195V_frilagd-110x300.jpg 110w, https:\/\/elvita.se\/app\/uploads\/2021\/11\/116918_CTS1195V_frilagd-768x2092.jpg 768w, https:\/\/elvita.se\/app\/uploads\/2021\/11\/116918_CTS1195V_frilagd-564x1536.jpg 564w, https:\/\/elvita.se\/app\/uploads\/2021\/11\/116918_CTS1195V_frilagd-752x2048.jpg 752w, https:\/\/elvita.se\/app\/uploads\/2021\/11\/116918_CTS1195V_frilagd-9x24.jpg 9w, https:\/\/elvita.se\/app\/uploads\/2021\/11\/116918_CTS1195V_frilagd-13x36.jpg 13w, https:\/\/elvita.se\/app\/uploads\/2021\/11\/116918_CTS1195V_frilagd-18x48.jpg 18w, https:\/\/elvita.se\/app\/uploads\/2021\/11\/116918_CTS1195V_frilagd-scaled.jpg 940w\" sizes=\"auto, (max-width: 376px) 100vw, 376px\" \/>\n              <\/div>\n              <h4>Elvita Trockenschrank mit T\u00fcranschlag links und Drehschaltern CTS1195V<\/h4>\n            <\/a>\n          <\/li>\n                                \n                  <\/ul>\n  <\/div>\n","protected":false},"excerpt":{"rendered":"<p>Haben Sie dar\u00fcber nachgedacht, in einen Trockenschrank f\u00fcr Ihre Waschk\u00fcche oder Ihren Hauswirtschaftsraum zu investieren? Ein Trockenschrank kann eine kluge L\u00f6sung sein, um schnell gewaschene Kleidung und feuchte Oberbekleidung zu trocknen. Hier listen wir alles auf, wor\u00fcber Sie nachdenken sollten, wenn Sie einen Trockenschrank mit Kondensation, W\u00e4rmepumpe oder Abluft kaufen. Wer braucht einen Trockenschrank? Ein &hellip; <a href=\"https:\/\/elvita.de\/at\/artiklar\/trockenschraenke-wie-sie-im-herbstlichen-alltag-zu-helden-werden\">Continued<\/a><\/p>\n","protected":false},"featured_media":39185,"template":"","article-category":[1904,1904],"class_list":["post-39176","article","type-article","status-publish","has-post-thumbnail","hentry","article-category-waschmaschinen-und-trockner-at"],"acf":[],"yoast_head":"<!-- This site is optimized with the Yoast SEO plugin v25.3 - https:\/\/yoast.com\/wordpress\/plugins\/seo\/ -->\n<title>Trockenschr\u00e4nke \u2013 wie sie im herbstlichen Alltag zu Helden werden! - Elvita<\/title>\n<meta name=\"robots\" content=\"index, follow, max-snippet:-1, max-image-preview:large, max-video-preview:-1\" \/>\n<link rel=\"canonical\" href=\"https:\/\/elvita.de\/at\/artiklar\/trockenschraenke-wie-sie-im-herbstlichen-alltag-zu-helden-werden\" \/>\n<meta property=\"og:locale\" content=\"de_DE\" \/>\n<meta property=\"og:type\" content=\"article\" \/>\n<meta property=\"og:title\" content=\"Trockenschr\u00e4nke \u2013 wie sie im herbstlichen Alltag zu Helden werden! - Elvita\" \/>\n<meta property=\"og:description\" content=\"Haben Sie dar\u00fcber nachgedacht, in einen Trockenschrank f\u00fcr Ihre Waschk\u00fcche oder Ihren Hauswirtschaftsraum zu investieren? Ein Trockenschrank kann eine kluge L\u00f6sung sein, um schnell gewaschene Kleidung und feuchte Oberbekleidung zu trocknen. Hier listen wir alles auf, wor\u00fcber Sie nachdenken sollten, wenn Sie einen Trockenschrank mit Kondensation, W\u00e4rmepumpe oder Abluft kaufen. Wer braucht einen Trockenschrank? Ein &hellip; Continued\" \/>\n<meta property=\"og:url\" content=\"https:\/\/elvita.de\/at\/artiklar\/trockenschraenke-wie-sie-im-herbstlichen-alltag-zu-helden-werden\" \/>\n<meta property=\"og:site_name\" content=\"Elvita\" \/>\n<meta property=\"article:modified_time\" content=\"2024-09-24T08:23:45+00:00\" \/>\n<meta property=\"og:image\" content=\"https:\/\/elvita.de\/app\/uploads\/2024\/09\/hostvader_torkskap1024x680.jpg\" \/>\n\t<meta property=\"og:image:width\" content=\"1024\" \/>\n\t<meta property=\"og:image:height\" content=\"680\" \/>\n\t<meta property=\"og:image:type\" content=\"image\/jpeg\" \/>\n<meta name=\"twitter:card\" content=\"summary_large_image\" \/>\n<meta name=\"twitter:label1\" content=\"Est. reading time\" \/>\n\t<meta name=\"twitter:data1\" content=\"8 minutes\" \/>\n<script type=\"application\/ld+json\" class=\"yoast-schema-graph\">{\"@context\":\"https:\/\/schema.org\",\"@graph\":[{\"@type\":[\"WebPage\",\"FAQPage\"],\"@id\":\"https:\/\/elvita.de\/at\/artiklar\/trockenschraenke-wie-sie-im-herbstlichen-alltag-zu-helden-werden\",\"url\":\"https:\/\/elvita.de\/at\/artiklar\/trockenschraenke-wie-sie-im-herbstlichen-alltag-zu-helden-werden\",\"name\":\"Trockenschr\u00e4nke \u2013 wie sie im herbstlichen Alltag zu Helden werden! - Elvita\",\"isPartOf\":{\"@id\":\"https:\/\/elvita.se\/at\/#website\"},\"primaryImageOfPage\":{\"@id\":\"https:\/\/elvita.de\/at\/artiklar\/trockenschraenke-wie-sie-im-herbstlichen-alltag-zu-helden-werden#primaryimage\"},\"image\":{\"@id\":\"https:\/\/elvita.de\/at\/artiklar\/trockenschraenke-wie-sie-im-herbstlichen-alltag-zu-helden-werden#primaryimage\"},\"thumbnailUrl\":\"https:\/\/elvita.se\/app\/uploads\/2024\/09\/hostvader_torkskap1024x680.jpg\",\"datePublished\":\"2023-11-24T08:43:59+00:00\",\"dateModified\":\"2024-09-24T08:23:45+00:00\",\"breadcrumb\":{\"@id\":\"https:\/\/elvita.de\/at\/artiklar\/trockenschraenke-wie-sie-im-herbstlichen-alltag-zu-helden-werden#breadcrumb\"},\"mainEntity\":[{\"@id\":\"https:\/\/elvita.de\/at\/artiklar\/trockenschraenke-wie-sie-im-herbstlichen-alltag-zu-helden-werden#faq-question-1669295530373\"},{\"@id\":\"https:\/\/elvita.de\/at\/artiklar\/trockenschraenke-wie-sie-im-herbstlichen-alltag-zu-helden-werden#faq-question-1669295815753\"},{\"@id\":\"https:\/\/elvita.de\/at\/artiklar\/trockenschraenke-wie-sie-im-herbstlichen-alltag-zu-helden-werden#faq-question-1669296004838\"},{\"@id\":\"https:\/\/elvita.de\/at\/artiklar\/trockenschraenke-wie-sie-im-herbstlichen-alltag-zu-helden-werden#faq-question-1669296299029\"},{\"@id\":\"https:\/\/elvita.de\/at\/artiklar\/trockenschraenke-wie-sie-im-herbstlichen-alltag-zu-helden-werden#faq-question-1669296691307\"}],\"inLanguage\":\"de-AT\",\"potentialAction\":[{\"@type\":\"ReadAction\",\"target\":[\"https:\/\/elvita.de\/at\/artiklar\/trockenschraenke-wie-sie-im-herbstlichen-alltag-zu-helden-werden\"]}]},{\"@type\":\"ImageObject\",\"inLanguage\":\"de-AT\",\"@id\":\"https:\/\/elvita.de\/at\/artiklar\/trockenschraenke-wie-sie-im-herbstlichen-alltag-zu-helden-werden#primaryimage\",\"url\":\"https:\/\/elvita.se\/app\/uploads\/2024\/09\/hostvader_torkskap1024x680.jpg\",\"contentUrl\":\"https:\/\/elvita.se\/app\/uploads\/2024\/09\/hostvader_torkskap1024x680.jpg\",\"width\":1024,\"height\":680},{\"@type\":\"BreadcrumbList\",\"@id\":\"https:\/\/elvita.de\/at\/artiklar\/trockenschraenke-wie-sie-im-herbstlichen-alltag-zu-helden-werden#breadcrumb\",\"itemListElement\":[{\"@type\":\"ListItem\",\"position\":1,\"name\":\"Start\",\"item\":\"https:\/\/elvita.de\"},{\"@type\":\"ListItem\",\"position\":2,\"name\":\"Artikel\",\"item\":\"https:\/\/elvita.de\/at\/artikel\"},{\"@type\":\"ListItem\",\"position\":3,\"name\":\"Trockenschr\u00e4nke \u2013 wie sie im herbstlichen Alltag zu Helden werden!\"}]},{\"@type\":\"WebSite\",\"@id\":\"https:\/\/elvita.se\/at\/#website\",\"url\":\"https:\/\/elvita.se\/at\/\",\"name\":\"Elvita\",\"description\":\"Fokus p\u00e5 det viktiga\",\"potentialAction\":[{\"@type\":\"SearchAction\",\"target\":{\"@type\":\"EntryPoint\",\"urlTemplate\":\"https:\/\/elvita.se\/at\/?s={search_term_string}\"},\"query-input\":{\"@type\":\"PropertyValueSpecification\",\"valueRequired\":true,\"valueName\":\"search_term_string\"}}],\"inLanguage\":\"de-AT\"},{\"@type\":\"Question\",\"@id\":\"https:\/\/elvita.de\/at\/artiklar\/trockenschraenke-wie-sie-im-herbstlichen-alltag-zu-helden-werden#faq-question-1669295530373\",\"position\":1,\"url\":\"https:\/\/elvita.de\/at\/artiklar\/trockenschraenke-wie-sie-im-herbstlichen-alltag-zu-helden-werden#faq-question-1669295530373\",\"name\":\"Kann man alles in einem Trockenschrank trocknen?\",\"answerCount\":1,\"acceptedAnswer\":{\"@type\":\"Answer\",\"text\":\"Das Trocknen von Kleidungsst\u00fccken in einem Trockenschrank dauert etwas l\u00e4nger als in einem W\u00e4schetrockner, daher ist ein Trockenschrank am besten f\u00fcr nicht frisch gewaschene Kleidung geeignet. Nasse Oberbekleidung k\u00f6nnen Sie problemlos in den Schrank h\u00e4ngen - frisch gewaschene Kleidung braucht dagegen etwas l\u00e4nger zum Trocknen. Der Vorteil ist jedoch, dass die Kleidungsst\u00fccke im Trockenschrank viel schonender trocknen als im W\u00e4schetrockner, so dass er der perfekte Ort zum Trocknen empfindlicher Kleidung ist.\",\"inLanguage\":\"de-AT\"},\"inLanguage\":\"de-AT\"},{\"@type\":\"Question\",\"@id\":\"https:\/\/elvita.de\/at\/artiklar\/trockenschraenke-wie-sie-im-herbstlichen-alltag-zu-helden-werden#faq-question-1669295815753\",\"position\":2,\"url\":\"https:\/\/elvita.de\/at\/artiklar\/trockenschraenke-wie-sie-im-herbstlichen-alltag-zu-helden-werden#faq-question-1669295815753\",\"name\":\"Brauchen Sie eine Bel\u00fcftung f\u00fcr Trockenschr\u00e4nke?\",\"answerCount\":1,\"acceptedAnswer\":{\"@type\":\"Answer\",\"text\":\"Trockenschr\u00e4nke mit Abluft m\u00fcssen mit einem L\u00fcftungskanal verbunden werden. Wenn Sie Ihren Trockenschrank kaufen, wird er mit einem L\u00fcftungskanal geliefert, der so installiert ist, dass die hei\u00dfe Luft aus dem Schrank abgef\u00fchrt werden kann. Es gibt Trockenschr\u00e4nke, die keine Bel\u00fcftung ben\u00f6tigen, wie Kondensations- oder W\u00e4rmepumpen-Trockenschr\u00e4nke. <br\/><br\/>Kondensationstrockenschr\u00e4nke sind eine intelligente L\u00f6sung, weil das Wasser aus der W\u00e4sche in einem Kondensationsbeh\u00e4lter gesammelt wird. Der Beh\u00e4lter kann manuell entleert werden; Sie k\u00f6nnen sich auch daf\u00fcr entscheiden, den Schrank an den Abfluss anzuschlie\u00dfen, um die Handhabung des Wassers zu erleichtern.\",\"inLanguage\":\"de-AT\"},\"inLanguage\":\"de-AT\"},{\"@type\":\"Question\",\"@id\":\"https:\/\/elvita.de\/at\/artiklar\/trockenschraenke-wie-sie-im-herbstlichen-alltag-zu-helden-werden#faq-question-1669296004838\",\"position\":3,\"url\":\"https:\/\/elvita.de\/at\/artiklar\/trockenschraenke-wie-sie-im-herbstlichen-alltag-zu-helden-werden#faq-question-1669296004838\",\"name\":\"Sind Trockenschr\u00e4nke sinnvoll?\",\"answerCount\":1,\"acceptedAnswer\":{\"@type\":\"Answer\",\"text\":\"Trockenschr\u00e4nke sind die perfekte Wahl f\u00fcr alle, die viel Zeit im Freien verbringen, besonders im Herbst und Winter. Oberbekleidung und Schuhe, die im Freien nass geworden sind, k\u00f6nnen im Trockenschrank zum schonenden Trocknen aufgeh\u00e4ngt werden und sind danach wieder einsatzbereit!\",\"inLanguage\":\"de-AT\"},\"inLanguage\":\"de-AT\"},{\"@type\":\"Question\",\"@id\":\"https:\/\/elvita.de\/at\/artiklar\/trockenschraenke-wie-sie-im-herbstlichen-alltag-zu-helden-werden#faq-question-1669296299029\",\"position\":4,\"url\":\"https:\/\/elvita.de\/at\/artiklar\/trockenschraenke-wie-sie-im-herbstlichen-alltag-zu-helden-werden#faq-question-1669296299029\",\"name\":\"Was sollte nicht in einem Trockenschrank getrocknet werden?\",\"answerCount\":1,\"acceptedAnswer\":{\"@type\":\"Answer\",\"text\":\"Die meisten Dinge k\u00f6nnen in einem Trockenschrank getrocknet werden. Er eignet sich besonders gut zum Trocknen von nasser Oberbekleidung und Kleidungsst\u00fccken, die nicht im W\u00e4schetrockner getrocknet werden k\u00f6nnen. Auch normale W\u00e4sche kann in einem Trockenschrank aufgeh\u00e4ngt werden, obwohl das Trocknen im Vergleich zu einem W\u00e4schetrockner etwas l\u00e4nger dauern kann. Der Vorteil eines Trockenschranks ist, dass er die W\u00e4sche nicht so stark abnutzt wie ein W\u00e4schetrockner.\",\"inLanguage\":\"de-AT\"},\"inLanguage\":\"de-AT\"},{\"@type\":\"Question\",\"@id\":\"https:\/\/elvita.de\/at\/artiklar\/trockenschraenke-wie-sie-im-herbstlichen-alltag-zu-helden-werden#faq-question-1669296691307\",\"position\":5,\"url\":\"https:\/\/elvita.de\/at\/artiklar\/trockenschraenke-wie-sie-im-herbstlichen-alltag-zu-helden-werden#faq-question-1669296691307\",\"name\":\"Was ist beim Kauf eines Trockenschranks zu beachten?\",\"answerCount\":1,\"acceptedAnswer\":{\"@type\":\"Answer\",\"text\":\"Viele Trockenschr\u00e4nke m\u00fcssen an der Wand montiert werden - aus Sicherheitsgr\u00fcnden ist es wichtig, dass dies korrekt geschieht. Die Montage wirkt sich auch auf die Effizienz des Trockenschranks aus, was ein weiterer Grund ist, warum es wichtig ist, dass sie korrekt ausgef\u00fchrt wird. Wenn die T\u00fcr nicht richtig geschlossen werden kann, dauert es viel l\u00e4nger, bis die Kleidungsst\u00fccke trocken sind.\",\"inLanguage\":\"de-AT\"},\"inLanguage\":\"de-AT\"},{\"@type\":\"HowTo\",\"@id\":\"https:\/\/elvita.de\/at\/artiklar\/trockenschraenke-wie-sie-im-herbstlichen-alltag-zu-helden-werden#howto-1\",\"name\":\"Trockenschr\u00e4nke \u2013 wie sie im herbstlichen Alltag zu Helden werden!\",\"mainEntityOfPage\":{\"@id\":\"https:\/\/elvita.de\/at\/artiklar\/trockenschraenke-wie-sie-im-herbstlichen-alltag-zu-helden-werden\"},\"description\":\"\",\"step\":[{\"@type\":\"HowToStep\",\"url\":\"https:\/\/elvita.de\/at\/artiklar\/trockenschraenke-wie-sie-im-herbstlichen-alltag-zu-helden-werden#how-to-step-1669294929344\",\"name\":\"u003Cstrongu003ETimeru003C\/strongu003E\",\"itemListElement\":[{\"@type\":\"HowToDirection\",\"text\":\"M\u00e5nga sk\u00e5p \u00e4r utrustade med en timer eller tidsprogram d\u00e4r du sj\u00e4lv st\u00e4ller in hur l\u00e5ng tid du vill att sk\u00e5pet ska g\u00e5. (Det g\u00e5r ocks\u00e5 utm\u00e4rkt att anv\u00e4nda torksk\u00e5pet utan att s\u00e4tta p\u00e5 det, du kan v\u00e4lja att h\u00e4nga in kl\u00e4der och l\u00e5ta dem torka under natten om du vill ha det som alternativ \u2013 bara l\u00e5ta d\u00f6rren vara \u00f6ppen!)\"}]},{\"@type\":\"HowToStep\",\"url\":\"https:\/\/elvita.de\/at\/artiklar\/trockenschraenke-wie-sie-im-herbstlichen-alltag-zu-helden-werden#how-to-step-1669294941345\",\"name\":\"u003Cstrongu003ES\u00e4kerhetu003C\/strongu003E\",\"itemListElement\":[{\"@type\":\"HowToDirection\",\"text\":\"De flesta torksk\u00e5p m\u00e5ste monteras fast i v\u00e4ggen, dels av s\u00e4kerhetssk\u00e4l och dels av effektivitetssk\u00e4l. Torksk\u00e5p \u00e4r ofta tyngre i toppen och kan riskera att tippa om de inte monteras fast, s\u00e5 av barns\u00e4kerhetssk\u00e4l ska de monteras ordentligt i v\u00e4ggen. Men om de st\u00e5r snett finns det ocks\u00e5 en risk att d\u00f6rren inte st\u00e4nger ordentligt och d\u00e5 g\u00e5r luft f\u00f6rlorad och torktiden riskerar att bli l\u00e4ngre \u00e4n n\u00f6dv\u00e4ndigt.\"}]},{\"@type\":\"HowToStep\",\"url\":\"https:\/\/elvita.de\/at\/artiklar\/trockenschraenke-wie-sie-im-herbstlichen-alltag-zu-helden-werden#how-to-step-1669294951210\",\"name\":\"u003Cstrongu003EEnergiklassningu003C\/strongu003E\",\"itemListElement\":[{\"@type\":\"HowToDirection\",\"text\":\"Torksk\u00e5p har ingen energiklassning eller energidekal som m\u00e5nga andra vitvaror f\u00f6r hemmet har, s\u00e5 kolla alltid med din leverant\u00f6r om du \u00e4r nyfiken p\u00e5 mer om energi.\"}]},{\"@type\":\"HowToStep\",\"url\":\"https:\/\/elvita.de\/at\/artiklar\/trockenschraenke-wie-sie-im-herbstlichen-alltag-zu-helden-werden#how-to-step-1669294971592\",\"name\":\"u003Cstrongu003EV\u00e4rmeu003C\/strongu003E\",\"itemListElement\":[{\"@type\":\"HowToDirection\",\"text\":\"Du kan torka kl\u00e4der i olika v\u00e4rme, s\u00e5 till exempel om du har k\u00e4nsliga plagg kan du v\u00e4lja l\u00e4gre v\u00e4rme, och har du handdukar och ytterplagg som t\u00e5l mer v\u00e4rme kan du st\u00e4lla in torkningen p\u00e5 h\u00f6gre v\u00e4rme. L\u00e4gre v\u00e4rme ger l\u00e4ngre torktid. Normal torkv\u00e4rme ligger mellan 55-70 grader.\"}]},{\"@type\":\"HowToStep\",\"url\":\"https:\/\/elvita.de\/at\/artiklar\/trockenschraenke-wie-sie-im-herbstlichen-alltag-zu-helden-werden#how-to-step-1669294981250\",\"name\":\"u003Cstrongu003EH\u00e4ngl\u00e4ngdu003C\/strongu003E\",\"itemListElement\":[{\"@type\":\"HowToDirection\",\"text\":\"F\u00f6r vissa torksk\u00e5p anges en h\u00e4ngl\u00e4ngd, vilket avser den totala l\u00e4ngden p\u00e5 de h\u00e4ngare som sitter inne i sk\u00e5pet. Ett stort sk\u00e5p brukar ha en h\u00e4ngl\u00e4ngd p\u00e5 cirka 16 meter. T\u00e4nk p\u00e5 att h\u00e4nga plaggen effektivt i sk\u00e5pet; till exempel se till att anv\u00e4nda krokarna p\u00e5 insidan av sk\u00e5pd\u00f6rren till vantar och sen h\u00e4nga st\u00f6rre plagg som byxor och jackor p\u00e5 h\u00e4ngarna.\"}]}],\"inLanguage\":\"de-AT\"}]}<\/script>\n<!-- \/ Yoast SEO plugin. -->","yoast_head_json":{"title":"Trockenschr\u00e4nke \u2013 wie sie im herbstlichen Alltag zu Helden werden! - Elvita","robots":{"index":"index","follow":"follow","max-snippet":"max-snippet:-1","max-image-preview":"max-image-preview:large","max-video-preview":"max-video-preview:-1"},"canonical":"https:\/\/elvita.de\/at\/artiklar\/trockenschraenke-wie-sie-im-herbstlichen-alltag-zu-helden-werden","og_locale":"de_DE","og_type":"article","og_title":"Trockenschr\u00e4nke \u2013 wie sie im herbstlichen Alltag zu Helden werden! - Elvita","og_description":"Haben Sie dar\u00fcber nachgedacht, in einen Trockenschrank f\u00fcr Ihre Waschk\u00fcche oder Ihren Hauswirtschaftsraum zu investieren? Ein Trockenschrank kann eine kluge L\u00f6sung sein, um schnell gewaschene Kleidung und feuchte Oberbekleidung zu trocknen. Hier listen wir alles auf, wor\u00fcber Sie nachdenken sollten, wenn Sie einen Trockenschrank mit Kondensation, W\u00e4rmepumpe oder Abluft kaufen. Wer braucht einen Trockenschrank? Ein &hellip; Continued","og_url":"https:\/\/elvita.de\/at\/artiklar\/trockenschraenke-wie-sie-im-herbstlichen-alltag-zu-helden-werden","og_site_name":"Elvita","article_modified_time":"2024-09-24T08:23:45+00:00","og_image":[{"width":1024,"height":680,"url":"https:\/\/elvita.de\/app\/uploads\/2024\/09\/hostvader_torkskap1024x680.jpg","type":"image\/jpeg"}],"twitter_card":"summary_large_image","twitter_misc":{"Est. reading time":"8 minutes"},"schema":{"@context":"https:\/\/schema.org","@graph":[{"@type":["WebPage","FAQPage"],"@id":"https:\/\/elvita.de\/at\/artiklar\/trockenschraenke-wie-sie-im-herbstlichen-alltag-zu-helden-werden","url":"https:\/\/elvita.de\/at\/artiklar\/trockenschraenke-wie-sie-im-herbstlichen-alltag-zu-helden-werden","name":"Trockenschr\u00e4nke \u2013 wie sie im herbstlichen Alltag zu Helden werden! - Elvita","isPartOf":{"@id":"https:\/\/elvita.se\/at\/#website"},"primaryImageOfPage":{"@id":"https:\/\/elvita.de\/at\/artiklar\/trockenschraenke-wie-sie-im-herbstlichen-alltag-zu-helden-werden#primaryimage"},"image":{"@id":"https:\/\/elvita.de\/at\/artiklar\/trockenschraenke-wie-sie-im-herbstlichen-alltag-zu-helden-werden#primaryimage"},"thumbnailUrl":"https:\/\/elvita.se\/app\/uploads\/2024\/09\/hostvader_torkskap1024x680.jpg","datePublished":"2023-11-24T08:43:59+00:00","dateModified":"2024-09-24T08:23:45+00:00","breadcrumb":{"@id":"https:\/\/elvita.de\/at\/artiklar\/trockenschraenke-wie-sie-im-herbstlichen-alltag-zu-helden-werden#breadcrumb"},"mainEntity":[{"@id":"https:\/\/elvita.de\/at\/artiklar\/trockenschraenke-wie-sie-im-herbstlichen-alltag-zu-helden-werden#faq-question-1669295530373"},{"@id":"https:\/\/elvita.de\/at\/artiklar\/trockenschraenke-wie-sie-im-herbstlichen-alltag-zu-helden-werden#faq-question-1669295815753"},{"@id":"https:\/\/elvita.de\/at\/artiklar\/trockenschraenke-wie-sie-im-herbstlichen-alltag-zu-helden-werden#faq-question-1669296004838"},{"@id":"https:\/\/elvita.de\/at\/artiklar\/trockenschraenke-wie-sie-im-herbstlichen-alltag-zu-helden-werden#faq-question-1669296299029"},{"@id":"https:\/\/elvita.de\/at\/artiklar\/trockenschraenke-wie-sie-im-herbstlichen-alltag-zu-helden-werden#faq-question-1669296691307"}],"inLanguage":"de-AT","potentialAction":[{"@type":"ReadAction","target":["https:\/\/elvita.de\/at\/artiklar\/trockenschraenke-wie-sie-im-herbstlichen-alltag-zu-helden-werden"]}]},{"@type":"ImageObject","inLanguage":"de-AT","@id":"https:\/\/elvita.de\/at\/artiklar\/trockenschraenke-wie-sie-im-herbstlichen-alltag-zu-helden-werden#primaryimage","url":"https:\/\/elvita.se\/app\/uploads\/2024\/09\/hostvader_torkskap1024x680.jpg","contentUrl":"https:\/\/elvita.se\/app\/uploads\/2024\/09\/hostvader_torkskap1024x680.jpg","width":1024,"height":680},{"@type":"BreadcrumbList","@id":"https:\/\/elvita.de\/at\/artiklar\/trockenschraenke-wie-sie-im-herbstlichen-alltag-zu-helden-werden#breadcrumb","itemListElement":[{"@type":"ListItem","position":1,"name":"Start","item":"https:\/\/elvita.de"},{"@type":"ListItem","position":2,"name":"Artikel","item":"https:\/\/elvita.de\/at\/artikel"},{"@type":"ListItem","position":3,"name":"Trockenschr\u00e4nke \u2013 wie sie im herbstlichen Alltag zu Helden werden!"}]},{"@type":"WebSite","@id":"https:\/\/elvita.se\/at\/#website","url":"https:\/\/elvita.se\/at\/","name":"Elvita","description":"Fokus p\u00e5 det viktiga","potentialAction":[{"@type":"SearchAction","target":{"@type":"EntryPoint","urlTemplate":"https:\/\/elvita.se\/at\/?s={search_term_string}"},"query-input":{"@type":"PropertyValueSpecification","valueRequired":true,"valueName":"search_term_string"}}],"inLanguage":"de-AT"},{"@type":"Question","@id":"https:\/\/elvita.de\/at\/artiklar\/trockenschraenke-wie-sie-im-herbstlichen-alltag-zu-helden-werden#faq-question-1669295530373","position":1,"url":"https:\/\/elvita.de\/at\/artiklar\/trockenschraenke-wie-sie-im-herbstlichen-alltag-zu-helden-werden#faq-question-1669295530373","name":"Kann man alles in einem Trockenschrank trocknen?","answerCount":1,"acceptedAnswer":{"@type":"Answer","text":"Das Trocknen von Kleidungsst\u00fccken in einem Trockenschrank dauert etwas l\u00e4nger als in einem W\u00e4schetrockner, daher ist ein Trockenschrank am besten f\u00fcr nicht frisch gewaschene Kleidung geeignet. Nasse Oberbekleidung k\u00f6nnen Sie problemlos in den Schrank h\u00e4ngen - frisch gewaschene Kleidung braucht dagegen etwas l\u00e4nger zum Trocknen. Der Vorteil ist jedoch, dass die Kleidungsst\u00fccke im Trockenschrank viel schonender trocknen als im W\u00e4schetrockner, so dass er der perfekte Ort zum Trocknen empfindlicher Kleidung ist.","inLanguage":"de-AT"},"inLanguage":"de-AT"},{"@type":"Question","@id":"https:\/\/elvita.de\/at\/artiklar\/trockenschraenke-wie-sie-im-herbstlichen-alltag-zu-helden-werden#faq-question-1669295815753","position":2,"url":"https:\/\/elvita.de\/at\/artiklar\/trockenschraenke-wie-sie-im-herbstlichen-alltag-zu-helden-werden#faq-question-1669295815753","name":"Brauchen Sie eine Bel\u00fcftung f\u00fcr Trockenschr\u00e4nke?","answerCount":1,"acceptedAnswer":{"@type":"Answer","text":"Trockenschr\u00e4nke mit Abluft m\u00fcssen mit einem L\u00fcftungskanal verbunden werden. Wenn Sie Ihren Trockenschrank kaufen, wird er mit einem L\u00fcftungskanal geliefert, der so installiert ist, dass die hei\u00dfe Luft aus dem Schrank abgef\u00fchrt werden kann. Es gibt Trockenschr\u00e4nke, die keine Bel\u00fcftung ben\u00f6tigen, wie Kondensations- oder W\u00e4rmepumpen-Trockenschr\u00e4nke. <br\/><br\/>Kondensationstrockenschr\u00e4nke sind eine intelligente L\u00f6sung, weil das Wasser aus der W\u00e4sche in einem Kondensationsbeh\u00e4lter gesammelt wird. Der Beh\u00e4lter kann manuell entleert werden; Sie k\u00f6nnen sich auch daf\u00fcr entscheiden, den Schrank an den Abfluss anzuschlie\u00dfen, um die Handhabung des Wassers zu erleichtern.","inLanguage":"de-AT"},"inLanguage":"de-AT"},{"@type":"Question","@id":"https:\/\/elvita.de\/at\/artiklar\/trockenschraenke-wie-sie-im-herbstlichen-alltag-zu-helden-werden#faq-question-1669296004838","position":3,"url":"https:\/\/elvita.de\/at\/artiklar\/trockenschraenke-wie-sie-im-herbstlichen-alltag-zu-helden-werden#faq-question-1669296004838","name":"Sind Trockenschr\u00e4nke sinnvoll?","answerCount":1,"acceptedAnswer":{"@type":"Answer","text":"Trockenschr\u00e4nke sind die perfekte Wahl f\u00fcr alle, die viel Zeit im Freien verbringen, besonders im Herbst und Winter. Oberbekleidung und Schuhe, die im Freien nass geworden sind, k\u00f6nnen im Trockenschrank zum schonenden Trocknen aufgeh\u00e4ngt werden und sind danach wieder einsatzbereit!","inLanguage":"de-AT"},"inLanguage":"de-AT"},{"@type":"Question","@id":"https:\/\/elvita.de\/at\/artiklar\/trockenschraenke-wie-sie-im-herbstlichen-alltag-zu-helden-werden#faq-question-1669296299029","position":4,"url":"https:\/\/elvita.de\/at\/artiklar\/trockenschraenke-wie-sie-im-herbstlichen-alltag-zu-helden-werden#faq-question-1669296299029","name":"Was sollte nicht in einem Trockenschrank getrocknet werden?","answerCount":1,"acceptedAnswer":{"@type":"Answer","text":"Die meisten Dinge k\u00f6nnen in einem Trockenschrank getrocknet werden. Er eignet sich besonders gut zum Trocknen von nasser Oberbekleidung und Kleidungsst\u00fccken, die nicht im W\u00e4schetrockner getrocknet werden k\u00f6nnen. Auch normale W\u00e4sche kann in einem Trockenschrank aufgeh\u00e4ngt werden, obwohl das Trocknen im Vergleich zu einem W\u00e4schetrockner etwas l\u00e4nger dauern kann. Der Vorteil eines Trockenschranks ist, dass er die W\u00e4sche nicht so stark abnutzt wie ein W\u00e4schetrockner.","inLanguage":"de-AT"},"inLanguage":"de-AT"},{"@type":"Question","@id":"https:\/\/elvita.de\/at\/artiklar\/trockenschraenke-wie-sie-im-herbstlichen-alltag-zu-helden-werden#faq-question-1669296691307","position":5,"url":"https:\/\/elvita.de\/at\/artiklar\/trockenschraenke-wie-sie-im-herbstlichen-alltag-zu-helden-werden#faq-question-1669296691307","name":"Was ist beim Kauf eines Trockenschranks zu beachten?","answerCount":1,"acceptedAnswer":{"@type":"Answer","text":"Viele Trockenschr\u00e4nke m\u00fcssen an der Wand montiert werden - aus Sicherheitsgr\u00fcnden ist es wichtig, dass dies korrekt geschieht. Die Montage wirkt sich auch auf die Effizienz des Trockenschranks aus, was ein weiterer Grund ist, warum es wichtig ist, dass sie korrekt ausgef\u00fchrt wird. Wenn die T\u00fcr nicht richtig geschlossen werden kann, dauert es viel l\u00e4nger, bis die Kleidungsst\u00fccke trocken sind.","inLanguage":"de-AT"},"inLanguage":"de-AT"},{"@type":"HowTo","@id":"https:\/\/elvita.de\/at\/artiklar\/trockenschraenke-wie-sie-im-herbstlichen-alltag-zu-helden-werden#howto-1","name":"Trockenschr\u00e4nke \u2013 wie sie im herbstlichen Alltag zu Helden werden!","mainEntityOfPage":{"@id":"https:\/\/elvita.de\/at\/artiklar\/trockenschraenke-wie-sie-im-herbstlichen-alltag-zu-helden-werden"},"description":"","step":[{"@type":"HowToStep","url":"https:\/\/elvita.de\/at\/artiklar\/trockenschraenke-wie-sie-im-herbstlichen-alltag-zu-helden-werden#how-to-step-1669294929344","name":"u003Cstrongu003ETimeru003C\/strongu003E","itemListElement":[{"@type":"HowToDirection","text":"M\u00e5nga sk\u00e5p \u00e4r utrustade med en timer eller tidsprogram d\u00e4r du sj\u00e4lv st\u00e4ller in hur l\u00e5ng tid du vill att sk\u00e5pet ska g\u00e5. (Det g\u00e5r ocks\u00e5 utm\u00e4rkt att anv\u00e4nda torksk\u00e5pet utan att s\u00e4tta p\u00e5 det, du kan v\u00e4lja att h\u00e4nga in kl\u00e4der och l\u00e5ta dem torka under natten om du vill ha det som alternativ \u2013 bara l\u00e5ta d\u00f6rren vara \u00f6ppen!)"}]},{"@type":"HowToStep","url":"https:\/\/elvita.de\/at\/artiklar\/trockenschraenke-wie-sie-im-herbstlichen-alltag-zu-helden-werden#how-to-step-1669294941345","name":"u003Cstrongu003ES\u00e4kerhetu003C\/strongu003E","itemListElement":[{"@type":"HowToDirection","text":"De flesta torksk\u00e5p m\u00e5ste monteras fast i v\u00e4ggen, dels av s\u00e4kerhetssk\u00e4l och dels av effektivitetssk\u00e4l. Torksk\u00e5p \u00e4r ofta tyngre i toppen och kan riskera att tippa om de inte monteras fast, s\u00e5 av barns\u00e4kerhetssk\u00e4l ska de monteras ordentligt i v\u00e4ggen. Men om de st\u00e5r snett finns det ocks\u00e5 en risk att d\u00f6rren inte st\u00e4nger ordentligt och d\u00e5 g\u00e5r luft f\u00f6rlorad och torktiden riskerar att bli l\u00e4ngre \u00e4n n\u00f6dv\u00e4ndigt."}]},{"@type":"HowToStep","url":"https:\/\/elvita.de\/at\/artiklar\/trockenschraenke-wie-sie-im-herbstlichen-alltag-zu-helden-werden#how-to-step-1669294951210","name":"u003Cstrongu003EEnergiklassningu003C\/strongu003E","itemListElement":[{"@type":"HowToDirection","text":"Torksk\u00e5p har ingen energiklassning eller energidekal som m\u00e5nga andra vitvaror f\u00f6r hemmet har, s\u00e5 kolla alltid med din leverant\u00f6r om du \u00e4r nyfiken p\u00e5 mer om energi."}]},{"@type":"HowToStep","url":"https:\/\/elvita.de\/at\/artiklar\/trockenschraenke-wie-sie-im-herbstlichen-alltag-zu-helden-werden#how-to-step-1669294971592","name":"u003Cstrongu003EV\u00e4rmeu003C\/strongu003E","itemListElement":[{"@type":"HowToDirection","text":"Du kan torka kl\u00e4der i olika v\u00e4rme, s\u00e5 till exempel om du har k\u00e4nsliga plagg kan du v\u00e4lja l\u00e4gre v\u00e4rme, och har du handdukar och ytterplagg som t\u00e5l mer v\u00e4rme kan du st\u00e4lla in torkningen p\u00e5 h\u00f6gre v\u00e4rme. L\u00e4gre v\u00e4rme ger l\u00e4ngre torktid. Normal torkv\u00e4rme ligger mellan 55-70 grader."}]},{"@type":"HowToStep","url":"https:\/\/elvita.de\/at\/artiklar\/trockenschraenke-wie-sie-im-herbstlichen-alltag-zu-helden-werden#how-to-step-1669294981250","name":"u003Cstrongu003EH\u00e4ngl\u00e4ngdu003C\/strongu003E","itemListElement":[{"@type":"HowToDirection","text":"F\u00f6r vissa torksk\u00e5p anges en h\u00e4ngl\u00e4ngd, vilket avser den totala l\u00e4ngden p\u00e5 de h\u00e4ngare som sitter inne i sk\u00e5pet. Ett stort sk\u00e5p brukar ha en h\u00e4ngl\u00e4ngd p\u00e5 cirka 16 meter. T\u00e4nk p\u00e5 att h\u00e4nga plaggen effektivt i sk\u00e5pet; till exempel se till att anv\u00e4nda krokarna p\u00e5 insidan av sk\u00e5pd\u00f6rren till vantar och sen h\u00e4nga st\u00f6rre plagg som byxor och jackor p\u00e5 h\u00e4ngarna."}]}],"inLanguage":"de-AT"}]}},"_links":{"self":[{"href":"https:\/\/elvita.se\/at\/wp-json\/wp\/v2\/article\/39176","targetHints":{"allow":["GET"]}}],"collection":[{"href":"https:\/\/elvita.se\/at\/wp-json\/wp\/v2\/article"}],"about":[{"href":"https:\/\/elvita.se\/at\/wp-json\/wp\/v2\/types\/article"}],"version-history":[{"count":6,"href":"https:\/\/elvita.se\/at\/wp-json\/wp\/v2\/article\/39176\/revisions"}],"predecessor-version":[{"id":50567,"href":"https:\/\/elvita.se\/at\/wp-json\/wp\/v2\/article\/39176\/revisions\/50567"}],"wp:featuredmedia":[{"embeddable":true,"href":"https:\/\/elvita.se\/at\/wp-json\/wp\/v2\/media\/39185"}],"wp:attachment":[{"href":"https:\/\/elvita.se\/at\/wp-json\/wp\/v2\/media?parent=39176"}],"wp:term":[{"taxonomy":"article-category","embeddable":true,"href":"https:\/\/elvita.se\/at\/wp-json\/wp\/v2\/article-category?post=39176"}],"curies":[{"name":"wp","href":"https:\/\/api.w.org\/{rel}","templated":true}]}}