{"id":39808,"date":"2023-11-24T10:43:04","date_gmt":"2023-11-24T08:43:04","guid":{"rendered":"https:\/\/elvita.se\/artiklar\/sommerlicher-blechkuchen-mit-zitronen-und-erdbeergeschmack"},"modified":"2024-09-24T11:06:36","modified_gmt":"2024-09-24T09:06:36","slug":"sommerlicher-blechkuchen-mit-zitronen-und-erdbeergeschmack","status":"publish","type":"article","link":"https:\/\/elvita.de\/at\/artiklar\/sommerlicher-blechkuchen-mit-zitronen-und-erdbeergeschmack","title":{"rendered":"Sommerlicher Blechkuchen mit Zitronen- und Erdbeergeschmack"},"content":{"rendered":"\n<figure class=\"wp-block-image size-large\"><img loading=\"lazy\" decoding=\"async\" width=\"1024\" height=\"679\" src=\"https:\/\/elvita.de\/app\/uploads\/2024\/09\/sommarkaka_toppbild.jpg\" alt=\"Sommerkuchen in einer langen Form mit Zitronen- und Erdbeergeschmack\" class=\"wp-image-2199\"\/><\/figure>\n\n\n\n<p>Mit der Familie zusammenzukommen und frisch gebackenen Kaffeekuchen zu genie\u00dfen, ist eine der besten Sachen der Welt, sagt Nina Hermansen, die einen der gr\u00f6\u00dften schwedischen Backblogs betreibt. Wir haben sie gebeten, ihre besten Backtipps und ihr Rezept f\u00fcr Sommerkuchen mit uns zu teilen. <\/p>\n\n\n\n<p><strong>Hallo Nina! Warum backst du eigentlich so gerne?<\/strong>\nBacken ist f\u00fcr mich wie eine Therapie, weil ich mich nur auf eine Sache konzentrieren kann. Aber auch die pers\u00f6nliche Entwicklung spielt eine Rolle und manchmal brauche ich bis zum perfekten Brot viel Zeit und \u00dcbung. Backen ist auch eine spannende Herausforderung, weil man genauso schnell scheitern kann wie man erfolgreich ist.<\/p>\n\n\n\n<p><strong>Was backst du am liebsten?<\/strong>\nIch backe gerne Dinge, die schnell gehen. Dann werde ich kreativ, probiere neue Geschmackskombinationen aus und \u00fcberarbeite meine Lieblingsrezepte. Sehr aufwendige Rezepte backe ich nicht so h\u00e4ufig.<\/p>\n\n\n\n<p><strong>Warum hast du dich f\u00fcr einen Blechkuchen entschieden?<\/strong>\nBlechkuchen liegen gerade im Trend und man bekommt sehr viel Kuchen, sodass er auch f\u00fcr gr\u00f6\u00dfere Feste reicht. Au\u00dferdem ist er einfach zuzubereiten und geht sehr schnell, der Kuchen kommt nur 20 Minuten in den Ofen.<\/p>\n\n\n\n<p><strong>Worauf sollte ich achten?<\/strong>\nDer Backofen muss eine gute Qualit\u00e4t haben. Ich m\u00f6chte mich auf ihn verlassen k\u00f6nnen und nicht st\u00e4ndig daneben stehen m\u00fcssen. Die Hitze sollte gleichm\u00e4\u00dfig sein und er sollte auch gleichm\u00e4\u00dfig backen.<\/p>\n\n\n<div class=\"has-pink-background-color text-and-image-block extra-padding\" id=\"\">\n    <div class=\"container-fluid : Fullbred\">\n      <div class=\"row\">\n        <div\n          class=\"col-sm-12 col-md-8 text-area right has-pink-background-color\">\n          <div style=\"text-align: left : V\u00e4nsterst\u00e4ll\">\n            <h3>Sommer-Blechkuchen<\/h3>\n            <p>Dies ist ein einfacher Sommerkuchen, der leicht zu backen ist und dennoch  k\u00f6stlich aussieht. Der Boden ist ein klassischer Biskuitteig, den ich mit Zitrone aromatisiert habe. Die Glasur besteht aus einer normalen Kuchenmousse, die ich mit einer Spritze aufgetragen habe. Verziert habe ich mit Beeren und Zitronenmelisse, die gut zur Zitrone passt.<\/p>\n\n            \n                      <\/div>\n        <\/div>\n        <div class=\"col-sm-12 col-md-4 image-area\"\n          style=\"background-image: url(https:\/\/elvita.se\/app\/uploads\/2020\/06\/sommarkaka_recept_bild.jpg)\">\n          \n        <img decoding=\"async\" class=\"\" alt=\"Sommarkaka Recept Bild\" src=\"https:\/\/elvita.se\/app\/uploads\/2020\/06\/sommarkaka_recept_bild.jpg\" srcset=\"\n                                https:\/\/elvita.se\/app\/uploads\/2020\/06\/sommarkaka_recept_bild.jpg 1024w,\n                https:\/\/elvita.se\/app\/uploads\/2020\/06\/sommarkaka_recept_bild-768x509.jpg 768w,\n                https:\/\/elvita.se\/app\/uploads\/2020\/06\/sommarkaka_recept_bild-300x199.jpg 300w,\n                https:\/\/elvita.se\/app\/uploads\/2020\/06\/sommarkaka_recept_bild-150x150.jpg 150w\">\n\n        <\/div>\n      <\/div>\n    <\/div>\n  <\/div>\n\n\n\n<p><strong>Zutaten:<\/strong>\n250 g geschmolzene Butter,\n350 g Zucker,\n4 Eier,\n1 Zitrone (Saft und Schale),\n750 ml Milch,\n550 g Weizenmehl,\n3 TL Backpulver,\n2&nbsp;TL Vanillezucker\n\n<strong>Frosting:<\/strong>\n200 ml Sahne,\n200 g Frischk\u00e4se,\n100 g Puderzucker,\n1 TL Vanillezucker,\nabgeriebene Schale einer halben Zitrone,\n100&nbsp;g Himbeeren<\/p>\n\n\n\n<p><strong>Dekoration:<\/strong>\nErdbeeren,\nZitronenmelisse,\nPuderzucker<\/p>\n\n\n\n<p><strong>Zubereitung:<\/strong>\n1. Backofen auf 200&nbsp;Grad vorheizen. Zucker und Eier luftig aufschlagen.\n2. Mehl, Backpulver und Vanillezucker mischen, sieben und zur Eimasse hinzugeben. Glattr\u00fchren.\n3. Butter und Zitronenschale sowie Zitronensaft hinzuf\u00fcgen. Zu einem z\u00e4hen Teig verr\u00fchren.\n4. Milch hinzugeben und gut durchr\u00fchren.\n5. Backpapier auf das Blech legen. Teig darauf gut verteilen. Auf unterster Schiene ca. 20\u201325 Minuten backen, bis das Holzst\u00e4bchen (Garprobe) sauber bleibt.\n6. Frosting: Sahne steif schlagen. Frischk\u00e4se vorsichtig unterheben. Puderzucker, Vanillezucker, Zitronenschale und Himbeeren hinzuf\u00fcgen. Zu einem glatten Frosting verr\u00fchren.\n7. Kuchen herausnehmen und vollst\u00e4ndig abk\u00fchlen lassen. In Quadrate schneiden. Frosting mit einem Spritzbeutel auf allen St\u00fccken verteilen. Erdbeere und Zitronenmelisse als Dekoration, mit Puderzucker best\u00e4uben.<\/p>\n\n\n\n<h2 class=\"wp-block-heading\"><\/h2>\n\n\n\n<p><\/p>\n\n\n\n<div class=\"wp-block-columns is-layout-flex wp-container-core-columns-is-layout-9d6595d7 wp-block-columns-is-layout-flex\">\n<div class=\"wp-block-column is-layout-flow wp-block-column-is-layout-flow\" style=\"flex-basis:33.33%\">\n<figure class=\"wp-block-image size-large\"><img loading=\"lazy\" decoding=\"async\" width=\"403\" height=\"496\" src=\"https:\/\/elvita.de\/app\/uploads\/2024\/09\/niinis_sommarkaka.jpg\" alt=\"Back-Bloggerin Nina verr\u00e4t ihre besten Backtipps\" class=\"wp-image-2201\"\/><\/figure>\n<\/div>\n\n\n\n<div class=\"wp-block-column is-layout-flow wp-block-column-is-layout-flow\" style=\"flex-basis:66.66%\">\n<h2 class=\"wp-block-heading\"><strong>Drei Top-Tipps f\u00fcr einen gelungenen Sommerkuchen<\/strong><\/h2>\n\n\n\n<p><strong>Der Elvita Backofen CIS5623V ist perfekt zum Backen und Kochen:<\/strong>\n\u2022 Sie k\u00f6nnen auf mehreren Ebenen gleichzeitig backen,\nohne dass das Ergebnis darunter leidet.\n\u2022 Das Blech ist 7 cm tief, sodass Ihr Kuchen besonders gro\u00df wird.\n\u2022 Der Backofen ist selbstreinigend und die Kn\u00e4ufe sind abnehmbar und sp\u00fclmaschinenfest.<\/p>\n<\/div>\n<\/div>\n\n\n\n<h3 class=\"wp-block-heading\">Mehr Rezepte<\/h3>\n\n\n\n<p><a href=\"https:\/\/elvita.de\/artikel\/backen-im-airfryer-4-leckere-rezepte\">Backen im Airfryer \u2013 4 leckere Rezepte<\/a><\/p>\n\n\n<div class=\"c-related-products\">\n  <h3>\u00c4hnliche Produkte<\/h3>\n      <ul class=\"row realtedSliderWrapper\">\n              \n                            <li class=\"product col-sm-12 col-md-6 col-lg-3 slide\">\n            <a href=\"https:\/\/elvita.de\/at\/produkte\/elvita-induktionsherd-mit-schnellem-heissluftbackofen-70-l-cis5623v\" alt=\"Elvita Induktionsherd mit schnellem Hei\u00dfluftbackofen, 70\u00a0l CIS5623V\">\n              <div class=\"product-image-wrapper \">\n                \n                                  <img decoding=\"async\" class=\"energy-label\" src=\"https:\/\/elvita.se\/app\/uploads\/2021\/09\/energivimpel_A_Left.png\" alt=\"\">\n                \n                \n                \n                <img loading=\"lazy\" decoding=\"async\" width=\"649\" height=\"1024\" src=\"https:\/\/elvita.se\/app\/uploads\/2020\/05\/CIS5623V_113985_01-649x1024.jpg\" class=\"product-image\" alt=\"\" srcset=\"https:\/\/elvita.se\/app\/uploads\/2020\/05\/CIS5623V_113985_01-649x1024.jpg 649w, https:\/\/elvita.se\/app\/uploads\/2020\/05\/CIS5623V_113985_01-190x300.jpg 190w, https:\/\/elvita.se\/app\/uploads\/2020\/05\/CIS5623V_113985_01-768x1211.jpg 768w, https:\/\/elvita.se\/app\/uploads\/2020\/05\/CIS5623V_113985_01-974x1536.jpg 974w, https:\/\/elvita.se\/app\/uploads\/2020\/05\/CIS5623V_113985_01-1299x2048.jpg 1299w, https:\/\/elvita.se\/app\/uploads\/2020\/05\/CIS5623V_113985_01-15x24.jpg 15w, https:\/\/elvita.se\/app\/uploads\/2020\/05\/CIS5623V_113985_01-23x36.jpg 23w, https:\/\/elvita.se\/app\/uploads\/2020\/05\/CIS5623V_113985_01-30x48.jpg 30w, https:\/\/elvita.se\/app\/uploads\/2020\/05\/CIS5623V_113985_01-scaled.jpg 1623w\" sizes=\"auto, (max-width: 649px) 100vw, 649px\" \/>\n              <\/div>\n              <h4>Elvita Induktionsherd mit schnellem Hei\u00dfluftbackofen, 70\u00a0l CIS5623V<\/h4>\n            <\/a>\n          <\/li>\n                                \n                            <li class=\"product col-sm-12 col-md-6 col-lg-3 slide\">\n            <a href=\"https:\/\/elvita.de\/at\/produkte\/elvita-induktionsherd-backofen-mit-heissluft-70-l-cis5623x\" alt=\"Elvita Induktionsherd, Backofen mit Hei\u00dfluft, 70\u00a0l CIS5623X\">\n              <div class=\"product-image-wrapper \">\n                \n                                  <img decoding=\"async\" class=\"energy-label\" src=\"https:\/\/elvita.se\/app\/uploads\/2021\/09\/energivimpel_A_Left.png\" alt=\"\">\n                \n                \n                \n                <img loading=\"lazy\" decoding=\"async\" width=\"649\" height=\"1024\" src=\"https:\/\/elvita.se\/app\/uploads\/2020\/05\/CIS5623X_113986_01-649x1024.jpg\" class=\"product-image\" alt=\"\" srcset=\"https:\/\/elvita.se\/app\/uploads\/2020\/05\/CIS5623X_113986_01-649x1024.jpg 649w, https:\/\/elvita.se\/app\/uploads\/2020\/05\/CIS5623X_113986_01-190x300.jpg 190w, https:\/\/elvita.se\/app\/uploads\/2020\/05\/CIS5623X_113986_01-768x1211.jpg 768w, https:\/\/elvita.se\/app\/uploads\/2020\/05\/CIS5623X_113986_01-974x1536.jpg 974w, https:\/\/elvita.se\/app\/uploads\/2020\/05\/CIS5623X_113986_01-1299x2048.jpg 1299w, https:\/\/elvita.se\/app\/uploads\/2020\/05\/CIS5623X_113986_01-15x24.jpg 15w, https:\/\/elvita.se\/app\/uploads\/2020\/05\/CIS5623X_113986_01-23x36.jpg 23w, https:\/\/elvita.se\/app\/uploads\/2020\/05\/CIS5623X_113986_01-30x48.jpg 30w, https:\/\/elvita.se\/app\/uploads\/2020\/05\/CIS5623X_113986_01-scaled.jpg 1623w\" sizes=\"auto, (max-width: 649px) 100vw, 649px\" \/>\n              <\/div>\n              <h4>Elvita Induktionsherd, Backofen mit Hei\u00dfluft, 70\u00a0l CIS5623X<\/h4>\n            <\/a>\n          <\/li>\n                                \n                      \n                      \n                      \n                            <li class=\"product col-sm-12 col-md-6 col-lg-3 slide\">\n            <a href=\"https:\/\/elvita.de\/at\/produkte\/elvita-herd-mit-highlight-und-schnellem-heissluftbackofen-mit-70-l-ccs4640v\" alt=\"Elvita Herd mit HighLight und schnellem Hei\u00dfluftbackofen mit 70\u00a0l CCS4640V\">\n              <div class=\"product-image-wrapper \">\n                \n                                  <img decoding=\"async\" class=\"energy-label\" src=\"https:\/\/elvita.se\/app\/uploads\/2021\/09\/energivimpel_A_Left.png\" alt=\"\">\n                \n                \n                \n                <img loading=\"lazy\" decoding=\"async\" width=\"649\" height=\"1024\" src=\"https:\/\/elvita.se\/app\/uploads\/2020\/05\/CCS4640V_113983_01-649x1024.jpg\" class=\"product-image\" alt=\"\" srcset=\"https:\/\/elvita.se\/app\/uploads\/2020\/05\/CCS4640V_113983_01-649x1024.jpg 649w, https:\/\/elvita.se\/app\/uploads\/2020\/05\/CCS4640V_113983_01-190x300.jpg 190w, https:\/\/elvita.se\/app\/uploads\/2020\/05\/CCS4640V_113983_01-768x1211.jpg 768w, https:\/\/elvita.se\/app\/uploads\/2020\/05\/CCS4640V_113983_01-974x1536.jpg 974w, https:\/\/elvita.se\/app\/uploads\/2020\/05\/CCS4640V_113983_01-1299x2048.jpg 1299w, https:\/\/elvita.se\/app\/uploads\/2020\/05\/CCS4640V_113983_01-15x24.jpg 15w, https:\/\/elvita.se\/app\/uploads\/2020\/05\/CCS4640V_113983_01-23x36.jpg 23w, https:\/\/elvita.se\/app\/uploads\/2020\/05\/CCS4640V_113983_01-30x48.jpg 30w, https:\/\/elvita.se\/app\/uploads\/2020\/05\/CCS4640V_113983_01-scaled.jpg 1623w\" sizes=\"auto, (max-width: 649px) 100vw, 649px\" \/>\n              <\/div>\n              <h4>Elvita Herd mit HighLight und schnellem Hei\u00dfluftbackofen mit 70\u00a0l CCS4640V<\/h4>\n            <\/a>\n          <\/li>\n                                \n                      \n                            <li class=\"product col-sm-12 col-md-6 col-lg-3 slide\">\n            <a href=\"https:\/\/elvita.de\/at?post_type=product&amp;p=41202\" alt=\"Elvita spis med varmluftsugn CCS46234V\">\n              <div class=\"product-image-wrapper \">\n                \n                                  <img decoding=\"async\" class=\"energy-label\" src=\"https:\/\/elvita.se\/app\/uploads\/2021\/09\/energivimpel_A_Left.png\" alt=\"\">\n                \n                \n                \n                <img loading=\"lazy\" decoding=\"async\" width=\"649\" height=\"1024\" src=\"https:\/\/elvita.se\/app\/uploads\/2022\/11\/elvita-spis-CCS46234V-649x1024.jpeg\" class=\"product-image\" alt=\"\" srcset=\"https:\/\/elvita.se\/app\/uploads\/2022\/11\/elvita-spis-CCS46234V-649x1024.jpeg 649w, https:\/\/elvita.se\/app\/uploads\/2022\/11\/elvita-spis-CCS46234V-190x300.jpeg 190w, https:\/\/elvita.se\/app\/uploads\/2022\/11\/elvita-spis-CCS46234V-768x1211.jpeg 768w, https:\/\/elvita.se\/app\/uploads\/2022\/11\/elvita-spis-CCS46234V-974x1536.jpeg 974w, https:\/\/elvita.se\/app\/uploads\/2022\/11\/elvita-spis-CCS46234V-1299x2048.jpeg 1299w, https:\/\/elvita.se\/app\/uploads\/2022\/11\/elvita-spis-CCS46234V-15x24.jpeg 15w, https:\/\/elvita.se\/app\/uploads\/2022\/11\/elvita-spis-CCS46234V-23x36.jpeg 23w, https:\/\/elvita.se\/app\/uploads\/2022\/11\/elvita-spis-CCS46234V-30x48.jpeg 30w, https:\/\/elvita.se\/app\/uploads\/2022\/11\/elvita-spis-CCS46234V-scaled.jpeg 1623w\" sizes=\"auto, (max-width: 649px) 100vw, 649px\" \/>\n              <\/div>\n              <h4>Elvita spis med varmluftsugn CCS46234V<\/h4>\n            <\/a>\n          <\/li>\n                                \n                            <li class=\"product col-sm-12 col-md-6 col-lg-3 slide\">\n            <a href=\"https:\/\/elvita.de\/at\/produkte\/elvita-elegant-eingebauter-backofen-mit-umluft-cui5720x\" alt=\"Elvita Elegant eingebauter Backofen mit Umluft CUI5720X\">\n              <div class=\"product-image-wrapper \">\n                \n                                  <img decoding=\"async\" class=\"energy-label\" src=\"https:\/\/elvita.se\/app\/uploads\/2024\/09\/Class_Arrows_AD_A-7.svg\" alt=\"\">\n                \n                \n                \n                <img loading=\"lazy\" decoding=\"async\" width=\"1024\" height=\"1024\" src=\"https:\/\/elvita.se\/app\/uploads\/2022\/12\/elvita-spis-117179-CUI5720X-1024x1024.jpeg\" class=\"product-image\" alt=\"\" srcset=\"https:\/\/elvita.se\/app\/uploads\/2022\/12\/elvita-spis-117179-CUI5720X-1024x1024.jpeg 1024w, https:\/\/elvita.se\/app\/uploads\/2022\/12\/elvita-spis-117179-CUI5720X-300x300.jpeg 300w, https:\/\/elvita.se\/app\/uploads\/2022\/12\/elvita-spis-117179-CUI5720X-150x150.jpeg 150w, https:\/\/elvita.se\/app\/uploads\/2022\/12\/elvita-spis-117179-CUI5720X-768x768.jpeg 768w, https:\/\/elvita.se\/app\/uploads\/2022\/12\/elvita-spis-117179-CUI5720X-1536x1536.jpeg 1536w, https:\/\/elvita.se\/app\/uploads\/2022\/12\/elvita-spis-117179-CUI5720X-2048x2048.jpeg 2048w, https:\/\/elvita.se\/app\/uploads\/2022\/12\/elvita-spis-117179-CUI5720X-24x24.jpeg 24w, https:\/\/elvita.se\/app\/uploads\/2022\/12\/elvita-spis-117179-CUI5720X-36x36.jpeg 36w, https:\/\/elvita.se\/app\/uploads\/2022\/12\/elvita-spis-117179-CUI5720X-48x48.jpeg 48w\" sizes=\"auto, (max-width: 1024px) 100vw, 1024px\" \/>\n              <\/div>\n              <h4>Elvita Elegant eingebauter Backofen mit Umluft CUI5720X<\/h4>\n            <\/a>\n          <\/li>\n                                \n                      \n                  <\/ul>\n  <\/div>\n","protected":false},"excerpt":{"rendered":"<p>Mit der Familie zusammenzukommen und frisch gebackenen Kaffeekuchen zu genie\u00dfen, ist eine der besten Sachen der Welt, sagt Nina Hermansen, die einen der gr\u00f6\u00dften schwedischen Backblogs betreibt. Wir haben sie gebeten, ihre besten Backtipps und ihr Rezept f\u00fcr Sommerkuchen mit uns zu teilen. Hallo Nina! Warum backst du eigentlich so gerne? Backen ist f\u00fcr mich &hellip; <a href=\"https:\/\/elvita.de\/at\/artiklar\/sommerlicher-blechkuchen-mit-zitronen-und-erdbeergeschmack\">Continued<\/a><\/p>\n","protected":false},"featured_media":39809,"template":"","article-category":[1903,1903],"class_list":["post-39808","article","type-article","status-publish","has-post-thumbnail","hentry","article-category-herd-und-kochfeld-at"],"acf":[],"yoast_head":"<!-- This site is optimized with the Yoast SEO plugin v25.3 - https:\/\/yoast.com\/wordpress\/plugins\/seo\/ -->\n<title>Sommerlicher Blechkuchen mit Zitronen- und Erdbeergeschmack - Elvita<\/title>\n<meta name=\"robots\" content=\"index, follow, max-snippet:-1, max-image-preview:large, max-video-preview:-1\" \/>\n<link rel=\"canonical\" href=\"https:\/\/elvita.de\/at\/artiklar\/sommerlicher-blechkuchen-mit-zitronen-und-erdbeergeschmack\" \/>\n<meta property=\"og:locale\" content=\"de_DE\" \/>\n<meta property=\"og:type\" content=\"article\" \/>\n<meta property=\"og:title\" content=\"Sommerlicher Blechkuchen mit Zitronen- und Erdbeergeschmack - Elvita\" \/>\n<meta property=\"og:description\" content=\"Mit der Familie zusammenzukommen und frisch gebackenen Kaffeekuchen zu genie\u00dfen, ist eine der besten Sachen der Welt, sagt Nina Hermansen, die einen der gr\u00f6\u00dften schwedischen Backblogs betreibt. Wir haben sie gebeten, ihre besten Backtipps und ihr Rezept f\u00fcr Sommerkuchen mit uns zu teilen. Hallo Nina! Warum backst du eigentlich so gerne? Backen ist f\u00fcr mich &hellip; Continued\" \/>\n<meta property=\"og:url\" content=\"https:\/\/elvita.de\/at\/artiklar\/sommerlicher-blechkuchen-mit-zitronen-und-erdbeergeschmack\" \/>\n<meta property=\"og:site_name\" content=\"Elvita\" \/>\n<meta property=\"article:modified_time\" content=\"2024-09-24T09:06:36+00:00\" \/>\n<meta property=\"og:image\" content=\"https:\/\/elvita.de\/app\/uploads\/2024\/09\/sommarkaka_toppbild.jpg\" \/>\n\t<meta property=\"og:image:width\" content=\"1024\" \/>\n\t<meta property=\"og:image:height\" content=\"679\" \/>\n\t<meta property=\"og:image:type\" content=\"image\/jpeg\" \/>\n<meta name=\"twitter:card\" content=\"summary_large_image\" \/>\n<meta name=\"twitter:label1\" content=\"Est. reading time\" \/>\n\t<meta name=\"twitter:data1\" content=\"4 minutes\" \/>\n<script type=\"application\/ld+json\" class=\"yoast-schema-graph\">{\"@context\":\"https:\/\/schema.org\",\"@graph\":[{\"@type\":\"WebPage\",\"@id\":\"https:\/\/elvita.de\/at\/artiklar\/sommerlicher-blechkuchen-mit-zitronen-und-erdbeergeschmack\",\"url\":\"https:\/\/elvita.de\/at\/artiklar\/sommerlicher-blechkuchen-mit-zitronen-und-erdbeergeschmack\",\"name\":\"Sommerlicher Blechkuchen mit Zitronen- und Erdbeergeschmack - Elvita\",\"isPartOf\":{\"@id\":\"https:\/\/elvita.se\/at\/#website\"},\"primaryImageOfPage\":{\"@id\":\"https:\/\/elvita.de\/at\/artiklar\/sommerlicher-blechkuchen-mit-zitronen-und-erdbeergeschmack#primaryimage\"},\"image\":{\"@id\":\"https:\/\/elvita.de\/at\/artiklar\/sommerlicher-blechkuchen-mit-zitronen-und-erdbeergeschmack#primaryimage\"},\"thumbnailUrl\":\"https:\/\/elvita.se\/app\/uploads\/2024\/09\/sommarkaka_toppbild.jpg\",\"datePublished\":\"2023-11-24T08:43:04+00:00\",\"dateModified\":\"2024-09-24T09:06:36+00:00\",\"breadcrumb\":{\"@id\":\"https:\/\/elvita.de\/at\/artiklar\/sommerlicher-blechkuchen-mit-zitronen-und-erdbeergeschmack#breadcrumb\"},\"inLanguage\":\"de-AT\",\"potentialAction\":[{\"@type\":\"ReadAction\",\"target\":[\"https:\/\/elvita.de\/at\/artiklar\/sommerlicher-blechkuchen-mit-zitronen-und-erdbeergeschmack\"]}]},{\"@type\":\"ImageObject\",\"inLanguage\":\"de-AT\",\"@id\":\"https:\/\/elvita.de\/at\/artiklar\/sommerlicher-blechkuchen-mit-zitronen-und-erdbeergeschmack#primaryimage\",\"url\":\"https:\/\/elvita.se\/app\/uploads\/2024\/09\/sommarkaka_toppbild.jpg\",\"contentUrl\":\"https:\/\/elvita.se\/app\/uploads\/2024\/09\/sommarkaka_toppbild.jpg\",\"width\":1024,\"height\":679},{\"@type\":\"BreadcrumbList\",\"@id\":\"https:\/\/elvita.de\/at\/artiklar\/sommerlicher-blechkuchen-mit-zitronen-und-erdbeergeschmack#breadcrumb\",\"itemListElement\":[{\"@type\":\"ListItem\",\"position\":1,\"name\":\"Start\",\"item\":\"https:\/\/elvita.de\"},{\"@type\":\"ListItem\",\"position\":2,\"name\":\"Artikel\",\"item\":\"https:\/\/elvita.de\/at\/artikel\"},{\"@type\":\"ListItem\",\"position\":3,\"name\":\"Sommerlicher Blechkuchen mit Zitronen- und Erdbeergeschmack\"}]},{\"@type\":\"WebSite\",\"@id\":\"https:\/\/elvita.se\/at\/#website\",\"url\":\"https:\/\/elvita.se\/at\/\",\"name\":\"Elvita\",\"description\":\"Fokus p\u00e5 det viktiga\",\"potentialAction\":[{\"@type\":\"SearchAction\",\"target\":{\"@type\":\"EntryPoint\",\"urlTemplate\":\"https:\/\/elvita.se\/at\/?s={search_term_string}\"},\"query-input\":{\"@type\":\"PropertyValueSpecification\",\"valueRequired\":true,\"valueName\":\"search_term_string\"}}],\"inLanguage\":\"de-AT\"}]}<\/script>\n<!-- \/ Yoast SEO plugin. -->","yoast_head_json":{"title":"Sommerlicher Blechkuchen mit Zitronen- und Erdbeergeschmack - Elvita","robots":{"index":"index","follow":"follow","max-snippet":"max-snippet:-1","max-image-preview":"max-image-preview:large","max-video-preview":"max-video-preview:-1"},"canonical":"https:\/\/elvita.de\/at\/artiklar\/sommerlicher-blechkuchen-mit-zitronen-und-erdbeergeschmack","og_locale":"de_DE","og_type":"article","og_title":"Sommerlicher Blechkuchen mit Zitronen- und Erdbeergeschmack - Elvita","og_description":"Mit der Familie zusammenzukommen und frisch gebackenen Kaffeekuchen zu genie\u00dfen, ist eine der besten Sachen der Welt, sagt Nina Hermansen, die einen der gr\u00f6\u00dften schwedischen Backblogs betreibt. Wir haben sie gebeten, ihre besten Backtipps und ihr Rezept f\u00fcr Sommerkuchen mit uns zu teilen. Hallo Nina! Warum backst du eigentlich so gerne? Backen ist f\u00fcr mich &hellip; Continued","og_url":"https:\/\/elvita.de\/at\/artiklar\/sommerlicher-blechkuchen-mit-zitronen-und-erdbeergeschmack","og_site_name":"Elvita","article_modified_time":"2024-09-24T09:06:36+00:00","og_image":[{"width":1024,"height":679,"url":"https:\/\/elvita.de\/app\/uploads\/2024\/09\/sommarkaka_toppbild.jpg","type":"image\/jpeg"}],"twitter_card":"summary_large_image","twitter_misc":{"Est. reading time":"4 minutes"},"schema":{"@context":"https:\/\/schema.org","@graph":[{"@type":"WebPage","@id":"https:\/\/elvita.de\/at\/artiklar\/sommerlicher-blechkuchen-mit-zitronen-und-erdbeergeschmack","url":"https:\/\/elvita.de\/at\/artiklar\/sommerlicher-blechkuchen-mit-zitronen-und-erdbeergeschmack","name":"Sommerlicher Blechkuchen mit Zitronen- und Erdbeergeschmack - Elvita","isPartOf":{"@id":"https:\/\/elvita.se\/at\/#website"},"primaryImageOfPage":{"@id":"https:\/\/elvita.de\/at\/artiklar\/sommerlicher-blechkuchen-mit-zitronen-und-erdbeergeschmack#primaryimage"},"image":{"@id":"https:\/\/elvita.de\/at\/artiklar\/sommerlicher-blechkuchen-mit-zitronen-und-erdbeergeschmack#primaryimage"},"thumbnailUrl":"https:\/\/elvita.se\/app\/uploads\/2024\/09\/sommarkaka_toppbild.jpg","datePublished":"2023-11-24T08:43:04+00:00","dateModified":"2024-09-24T09:06:36+00:00","breadcrumb":{"@id":"https:\/\/elvita.de\/at\/artiklar\/sommerlicher-blechkuchen-mit-zitronen-und-erdbeergeschmack#breadcrumb"},"inLanguage":"de-AT","potentialAction":[{"@type":"ReadAction","target":["https:\/\/elvita.de\/at\/artiklar\/sommerlicher-blechkuchen-mit-zitronen-und-erdbeergeschmack"]}]},{"@type":"ImageObject","inLanguage":"de-AT","@id":"https:\/\/elvita.de\/at\/artiklar\/sommerlicher-blechkuchen-mit-zitronen-und-erdbeergeschmack#primaryimage","url":"https:\/\/elvita.se\/app\/uploads\/2024\/09\/sommarkaka_toppbild.jpg","contentUrl":"https:\/\/elvita.se\/app\/uploads\/2024\/09\/sommarkaka_toppbild.jpg","width":1024,"height":679},{"@type":"BreadcrumbList","@id":"https:\/\/elvita.de\/at\/artiklar\/sommerlicher-blechkuchen-mit-zitronen-und-erdbeergeschmack#breadcrumb","itemListElement":[{"@type":"ListItem","position":1,"name":"Start","item":"https:\/\/elvita.de"},{"@type":"ListItem","position":2,"name":"Artikel","item":"https:\/\/elvita.de\/at\/artikel"},{"@type":"ListItem","position":3,"name":"Sommerlicher Blechkuchen mit Zitronen- und Erdbeergeschmack"}]},{"@type":"WebSite","@id":"https:\/\/elvita.se\/at\/#website","url":"https:\/\/elvita.se\/at\/","name":"Elvita","description":"Fokus p\u00e5 det viktiga","potentialAction":[{"@type":"SearchAction","target":{"@type":"EntryPoint","urlTemplate":"https:\/\/elvita.se\/at\/?s={search_term_string}"},"query-input":{"@type":"PropertyValueSpecification","valueRequired":true,"valueName":"search_term_string"}}],"inLanguage":"de-AT"}]}},"_links":{"self":[{"href":"https:\/\/elvita.se\/at\/wp-json\/wp\/v2\/article\/39808","targetHints":{"allow":["GET"]}}],"collection":[{"href":"https:\/\/elvita.se\/at\/wp-json\/wp\/v2\/article"}],"about":[{"href":"https:\/\/elvita.se\/at\/wp-json\/wp\/v2\/types\/article"}],"version-history":[{"count":4,"href":"https:\/\/elvita.se\/at\/wp-json\/wp\/v2\/article\/39808\/revisions"}],"predecessor-version":[{"id":50630,"href":"https:\/\/elvita.se\/at\/wp-json\/wp\/v2\/article\/39808\/revisions\/50630"}],"wp:featuredmedia":[{"embeddable":true,"href":"https:\/\/elvita.se\/at\/wp-json\/wp\/v2\/media\/39809"}],"wp:attachment":[{"href":"https:\/\/elvita.se\/at\/wp-json\/wp\/v2\/media?parent=39808"}],"wp:term":[{"taxonomy":"article-category","embeddable":true,"href":"https:\/\/elvita.se\/at\/wp-json\/wp\/v2\/article-category?post=39808"}],"curies":[{"name":"wp","href":"https:\/\/api.w.org\/{rel}","templated":true}]}}